{"id":944,"date":"2023-02-13T15:36:12","date_gmt":"2023-02-13T18:36:12","guid":{"rendered":"http:\/\/sede.campinagrande.pb.gov.br\/?p=944"},"modified":"2023-08-07T11:37:25","modified_gmt":"2023-08-07T14:37:25","slug":"campina-folia","status":"publish","type":"post","link":"https:\/\/sede.campinagrande.pb.gov.br\/?p=944","title":{"rendered":"Campina Folia"},"content":{"rendered":"\n<p>Quem n\u00e3o gosta de uma pr\u00e9via carnavalesca? Em Campina Grande n\u00e3o precisa sair da cidade para curtir a alegria e o balan\u00e7ar das m\u00fasicas de carnaval.<\/p>\n\n\n\n<figure class=\"wp-block-image size-large\"><img fetchpriority=\"high\" decoding=\"async\" width=\"1024\" height=\"373\" src=\"http:\/\/localhost\/sede\/wp-content\/uploads\/2023\/01\/Campina-FoliaG-1024x373.jpg\" alt=\"\" class=\"wp-image-935\" srcset=\"https:\/\/sede.campinagrande.pb.gov.br\/wp-content\/uploads\/2023\/01\/Campina-FoliaG-1024x373.jpg 1024w, https:\/\/sede.campinagrande.pb.gov.br\/wp-content\/uploads\/2023\/01\/Campina-FoliaG-300x109.jpg 300w, https:\/\/sede.campinagrande.pb.gov.br\/wp-content\/uploads\/2023\/01\/Campina-FoliaG-768x280.jpg 768w, https:\/\/sede.campinagrande.pb.gov.br\/wp-content\/uploads\/2023\/01\/Campina-FoliaG.jpg 1104w\" sizes=\"(max-width: 1024px) 100vw, 1024px\" \/><\/figure>\n\n\n\n<p>Em 2023, a Rainha da Borborema realiza a maior e melhor pr\u00e9via carnavalesca de todos os tempos. S\u00e3o 30 blocos desfilando pelas ruas da cidade, al\u00e9m da participa\u00e7\u00e3o de tro\u00e7as carnavalescas, retornando com aquele sentimento do carnaval fora de \u00e9poca. Campina Grande ferve em um clima de muita alegria e divers\u00e3o. O evento acontece entre os dias 27 de janeiro e 26 de fevereiro com uma programa\u00e7\u00e3o diversificada.<\/p>\n\n\n\n<p>O encerramento do Campina Folia acontece com o tradicional &#8220;Bloco das Virgens&#8221;, onde a criatividade e a fantasia n\u00e3o tem padr\u00f5es.<\/p>\n\n\n\n<p>Confira a programa\u00e7\u00e3o completa.<br><\/p>\n\n\n\n<figure class=\"wp-block-table\"><table><tbody><tr><td class=\"has-text-align-center\" data-align=\"center\"><strong>CAMPINA FOLIA E CARNAVAL TRADI\u00c7\u00c3O:&nbsp;<\/strong><\/td><\/tr><\/tbody><\/table><\/figure>\n\n\n\n<figure class=\"wp-block-table\"><table><tbody><tr><td>27\/01<\/td><td>Serenata da Saudade<\/td><\/tr><tr><td>28\/01<\/td><td>Baile D\u2019\u00e1 Not\u00edcia&nbsp;<\/td><\/tr><tr><td>01 &#8211; 28\/02<\/td><td>Exposi\u00e7\u00f5es carnavalescas ( Galeria Irene Medeiros &#8211; Hall do Teatro Municipal Severino Cabral e Galeria Edvaldo do \u00d3 &#8211; Hall da Secult)<\/td><\/tr><tr><td>03\/02<\/td><td>Z\u00e9 Pereira<\/td><\/tr><tr><td>04\/02<\/td><td>Bloco da Fava<\/td><\/tr><tr><td>04\/02<\/td><td>Foli\u00f5es da Pra\u00e7a da Bandeira<\/td><\/tr><tr><td>04\/02<\/td><td>Serenata dos Amores<\/td><\/tr><tr><td>04\/02<\/td><td>Bloco da Saudade&nbsp;<\/td><\/tr><tr><td>04\/02<\/td><td>Baile da Rainha&nbsp;<\/td><\/tr><tr><td>04\/02<\/td><td>Bloco do Burgiff Gr\u00eamio recreativo et\u00edlico unidos do Burgiff<\/td><\/tr><tr><td>05\/02<\/td><td>Baile Verde e Branco<\/td><\/tr><tr><td>09\/02<\/td><td>Aula espet\u00e1culo Frevando 9h &#8211; na Feira Central<\/td><\/tr><tr><td>10\/02<\/td><td>Baile Municipal Carnavalesco (AABB)<\/td><\/tr><tr><td>11\/02<\/td><td>Arrasta Ax\u00e9<\/td><\/tr><tr><td>11\/02<\/td><td>Neto Folia&nbsp;<\/td><\/tr><\/tbody><\/table><\/figure>\n\n\n\n<figure class=\"wp-block-table\"><table><tbody><tr><td>11\/02<\/td><td>Vai rolar sentimentos &#8220;vrs&#8221;<\/td><\/tr><tr><td>11\/02<\/td><td>Bloco Carnavalesco Cultural Foli\u00f5es do Ferro<\/td><\/tr><tr><td>11\/02<\/td><td>SalvFolia&nbsp;<\/td><\/tr><tr><td>12\/02:&nbsp;<\/td><td>As Doidaliscas do Oriente&nbsp;<\/td><\/tr><tr><td>12\/02:<\/td><td>Bloquinho da Haus&nbsp;&nbsp;<\/td><\/tr><tr><td>12\/02:<\/td><td>Segura na minha IPA&nbsp;<\/td><\/tr><tr><td>12\/02<\/td><td>: Bloco Peru na M\u00e3o&nbsp;<\/td><\/tr><tr><td>12\/02:<\/td><td>Bora bora com Caju<\/td><\/tr><tr><td>12\/02:<\/td><td>Segura o Baque&nbsp;<\/td><\/tr><tr><td>12\/02:<\/td><td>Canger\u00ea&nbsp;<\/td><\/tr><tr><td>16\/02:<\/td><td>Bloco da Cinquentinha &#8211; UEPB&nbsp;<\/td><\/tr><tr><td>19-21\/01:<\/td><td>Carnaval Tradi\u00e7\u00e3o&nbsp;<\/td><\/tr><tr><td>21\/02<\/td><td>&#8211; Jacar\u00e9 do A\u00e7ude Velho<\/td><\/tr><tr><td>25\/02<\/td><td>: Bloco \u201cO V\u00c9I DO BUX\u00c3O\u201d&nbsp;<\/td><\/tr><tr><td>25\/02<\/td><td>:Bloco Rubac\u00e3o da Socorro&nbsp;<\/td><\/tr><tr><td>25\/02:<\/td><td>Bloco Uau!&nbsp;<\/td><\/tr><\/tbody><\/table><\/figure>\n\n\n\n<figure class=\"wp-block-table\"><table><tbody><tr><td>25\/02:<\/td><td>Ressac\u00e3o do Beco 31<\/td><\/tr><tr><td>26\/02:&nbsp;<\/td><td>Bloco Virgens de CG<\/td><\/tr><\/tbody><\/table><\/figure>\n","protected":false},"excerpt":{"rendered":"<p>Quem n\u00e3o gosta de uma pr\u00e9via carnavalesca? Em Campina Grande n\u00e3o precisa sair da cidade para curtir a alegria e o balan\u00e7ar das m\u00fasicas de carnaval. Em 2023, a Rainha da Borborema realiza a maior e melhor pr\u00e9via carnavalesca de todos os tempos. S\u00e3o 30 blocos desfilando pelas ruas da cidade, al\u00e9m da participa\u00e7\u00e3o de tro\u00e7as carnavalescas, retornando com aquele sentimento do carnaval fora de \u00e9poca. Campina Grande ferve em um clima de muita alegria e divers\u00e3o. O evento acontece entre os dias 27 de janeiro e 26 de fevereiro com uma programa\u00e7\u00e3o diversificada. O encerramento do Campina Folia acontece com o tradicional &#8220;Bloco das Virgens&#8221;, onde a criatividade e a fantasia n\u00e3o tem padr\u00f5es. Confira a programa\u00e7\u00e3o completa. CAMPINA FOLIA E CARNAVAL TRADI\u00c7\u00c3O:&nbsp; 27\/01 Serenata da Saudade 28\/01 Baile D\u2019\u00e1 Not\u00edcia&nbsp; 01 &#8211; 28\/02 Exposi\u00e7\u00f5es carnavalescas ( Galeria Irene Medeiros &#8211; Hall do Teatro Municipal Severino Cabral e Galeria Edvaldo do \u00d3 &#8211; Hall da Secult) 03\/02 Z\u00e9 Pereira 04\/02 Bloco da Fava 04\/02 Foli\u00f5es da Pra\u00e7a da Bandeira 04\/02 Serenata dos Amores 04\/02 Bloco da Saudade&nbsp; 04\/02 Baile da Rainha&nbsp; 04\/02 Bloco do Burgiff Gr\u00eamio recreativo et\u00edlico unidos do Burgiff 05\/02 Baile Verde e Branco 09\/02 Aula espet\u00e1culo Frevando 9h &#8211; na Feira Central 10\/02 Baile Municipal Carnavalesco (AABB) 11\/02 Arrasta Ax\u00e9 11\/02 Neto Folia&nbsp; 11\/02 Vai rolar sentimentos &#8220;vrs&#8221; 11\/02 Bloco Carnavalesco Cultural Foli\u00f5es do Ferro 11\/02 SalvFolia&nbsp; 12\/02:&nbsp; As Doidaliscas do Oriente&nbsp; 12\/02: Bloquinho da Haus&nbsp;&nbsp; 12\/02: Segura na minha IPA&nbsp; 12\/02 : Bloco Peru na M\u00e3o&nbsp; 12\/02: Bora bora com Caju 12\/02: Segura o Baque&nbsp; 12\/02: Canger\u00ea&nbsp; 16\/02: Bloco da Cinquentinha &#8211; UEPB&nbsp; 19-21\/01: Carnaval Tradi\u00e7\u00e3o&nbsp; 21\/02 &#8211; Jacar\u00e9 do A\u00e7ude Velho 25\/02 : Bloco \u201cO V\u00c9I DO BUX\u00c3O\u201d&nbsp; 25\/02 :Bloco Rubac\u00e3o da Socorro&nbsp; 25\/02: Bloco Uau!&nbsp; 25\/02: Ressac\u00e3o do Beco 31 26\/02:&nbsp; Bloco Virgens de CG<\/p>\n","protected":false},"author":1,"featured_media":0,"comment_status":"closed","ping_status":"open","sticky":false,"template":"","format":"standard","meta":{"site-sidebar-layout":"default","site-content-layout":"","ast-site-content-layout":"default","site-content-style":"default","site-sidebar-style":"default","ast-global-header-display":"","ast-banner-title-visibility":"","ast-main-header-display":"","ast-hfb-above-header-display":"","ast-hfb-below-header-display":"","ast-hfb-mobile-header-display":"","site-post-title":"","ast-breadcrumbs-content":"","ast-featured-img":"","footer-sml-layout":"","ast-disable-related-posts":"","theme-transparent-header-meta":"","adv-header-id-meta":"","stick-header-meta":"","header-above-stick-meta":"","header-main-stick-meta":"","header-below-stick-meta":"","astra-migrate-meta-layouts":"default","ast-page-background-enabled":"default","ast-page-background-meta":{"desktop":{"background-color":"var(--ast-global-color-4)","background-image":"","background-repeat":"repeat","background-position":"center center","background-size":"auto","background-attachment":"scroll","background-type":"","background-media":"","overlay-type":"","overlay-color":"","overlay-opacity":"","overlay-gradient":""},"tablet":{"background-color":"","background-image":"","background-repeat":"repeat","background-position":"center center","background-size":"auto","background-attachment":"scroll","background-type":"","background-media":"","overlay-type":"","overlay-color":"","overlay-opacity":"","overlay-gradient":""},"mobile":{"background-color":"","background-image":"","background-repeat":"repeat","background-position":"center center","background-size":"auto","background-attachment":"scroll","background-type":"","background-media":"","overlay-type":"","overlay-color":"","overlay-opacity":"","overlay-gradient":""}},"ast-content-background-meta":{"desktop":{"background-color":"var(--ast-global-color-5)","background-image":"","background-repeat":"repeat","background-position":"center center","background-size":"auto","background-attachment":"scroll","background-type":"","background-media":"","overlay-type":"","overlay-color":"","overlay-opacity":"","overlay-gradient":""},"tablet":{"background-color":"var(--ast-global-color-5)","background-image":"","background-repeat":"repeat","background-position":"center center","background-size":"auto","background-attachment":"scroll","background-type":"","background-media":"","overlay-type":"","overlay-color":"","overlay-opacity":"","overlay-gradient":""},"mobile":{"background-color":"var(--ast-global-color-5)","background-image":"","background-repeat":"repeat","background-position":"center center","background-size":"auto","background-attachment":"scroll","background-type":"","background-media":"","overlay-type":"","overlay-color":"","overlay-opacity":"","overlay-gradient":""}},"footnotes":""},"categories":[8],"tags":[],"class_list":["post-944","post","type-post","status-publish","format-standard","hentry","category-eventos"],"_links":{"self":[{"href":"https:\/\/sede.campinagrande.pb.gov.br\/index.php?rest_route=\/wp\/v2\/posts\/944","targetHints":{"allow":["GET"]}}],"collection":[{"href":"https:\/\/sede.campinagrande.pb.gov.br\/index.php?rest_route=\/wp\/v2\/posts"}],"about":[{"href":"https:\/\/sede.campinagrande.pb.gov.br\/index.php?rest_route=\/wp\/v2\/types\/post"}],"author":[{"embeddable":true,"href":"https:\/\/sede.campinagrande.pb.gov.br\/index.php?rest_route=\/wp\/v2\/users\/1"}],"replies":[{"embeddable":true,"href":"https:\/\/sede.campinagrande.pb.gov.br\/index.php?rest_route=%2Fwp%2Fv2%2Fcomments&post=944"}],"version-history":[{"count":1,"href":"https:\/\/sede.campinagrande.pb.gov.br\/index.php?rest_route=\/wp\/v2\/posts\/944\/revisions"}],"predecessor-version":[{"id":2624,"href":"https:\/\/sede.campinagrande.pb.gov.br\/index.php?rest_route=\/wp\/v2\/posts\/944\/revisions\/2624"}],"wp:attachment":[{"href":"https:\/\/sede.campinagrande.pb.gov.br\/index.php?rest_route=%2Fwp%2Fv2%2Fmedia&parent=944"}],"wp:term":[{"taxonomy":"category","embeddable":true,"href":"https:\/\/sede.campinagrande.pb.gov.br\/index.php?rest_route=%2Fwp%2Fv2%2Fcategories&post=944"},{"taxonomy":"post_tag","embeddable":true,"href":"https:\/\/sede.campinagrande.pb.gov.br\/index.php?rest_route=%2Fwp%2Fv2%2Ftags&post=944"}],"curies":[{"name":"wp","href":"https:\/\/api.w.org\/{rel}","templated":true}]}}